{"id":602,"date":"2023-09-25T19:16:35","date_gmt":"2023-09-25T22:16:35","guid":{"rendered":"https:\/\/osmareoblues.com.br\/?p=602"},"modified":"2023-09-25T19:35:19","modified_gmt":"2023-09-25T22:35:19","slug":"auder-jr","status":"publish","type":"post","link":"https:\/\/osmareoblues.com.br\/index.php\/2023\/09\/25\/auder-jr\/","title":{"rendered":"Auder Jr"},"content":{"rendered":"\n<p>Guitarra e voz<\/p>\n\n\n\n<p>Auder Jr\u00a0desponta como um dos principais nomes do blues Brasileiro. Sua atua\u00e7\u00e3o como guitarrista, Band Leader e produtor cultural tem contribu\u00eddo significativamente para a divulga\u00e7\u00e3o do Blues em Minas Gerais.<\/p>\n\n\n\n<p>Al\u00e9m disso, Auder \u00e9 um dos fundadores da banda&nbsp;<a href=\"https:\/\/www.instagram.com\/banda.easyrider.oficial\/\">Easy Rider<\/a>, \u00e9 o lado mais Blueseiro da banda.<\/p>\n\n\n\n<p>Embora tenha forma\u00e7\u00e3o erudita e gradua\u00e7\u00e3o em m\u00fasica, fica mto claro em seu estilo a influ\u00eancia dos grandes mestres do Blues \/ Rock como: Stevie Ray Vaughan, Johnny Winter, Jimmy Page, Santana, dentre outros.<\/p>\n\n\n\n<p>Ap\u00f3s a pausa com o Easy Rider, desenvolveu v\u00e1rios projetos de destaque como: a Banda&nbsp;<a href=\"https:\/\/www.instagram.com\/audergang\/\">Audergang<\/a>&nbsp;onde gravou 5 Cds, um DVD, turn\u00ea na Europa e participa\u00e7\u00e3o em grandes Festivais, com 16 anos de estrada, Shows com Johnny Winter, Glenn Hughes (Deep Purple) e Mark farner (Grand Funk) dentre outros.<\/p>\n\n\n\n<p>Auder Jr tb assume a guitarra das bandas&nbsp;<a href=\"https:\/\/www.instagram.com\/bandaled3\/\">Led 3<\/a>&nbsp;e&nbsp;<a href=\"https:\/\/www.instagram.com\/minassoulbluescompany\/\">Minas Soul Blues Company<\/a>.<\/p>\n","protected":false},"excerpt":{"rendered":"<p>Guitarra e voz Auder Jr\u00a0desponta como um dos principais nomes do blues Brasileiro. Sua atua\u00e7\u00e3o como guitarrista, Band Leader e produtor cultural tem contribu\u00eddo significativamente para a divulga\u00e7\u00e3o do Blues em Minas Gerais. Al\u00e9m disso, Auder \u00e9 um dos fundadores da banda&nbsp;Easy Rider, \u00e9 o lado mais Blueseiro da banda. Embora tenha forma\u00e7\u00e3o erudita e [&hellip;]<\/p>\n","protected":false},"author":1,"featured_media":379,"comment_status":"closed","ping_status":"closed","sticky":false,"template":"","format":"standard","meta":{"footnotes":""},"categories":[14],"tags":[],"post_folder":[],"class_list":["post-602","post","type-post","status-publish","format-standard","has-post-thumbnail","hentry","category-musico-convidado"],"_links":{"self":[{"href":"https:\/\/osmareoblues.com.br\/index.php\/wp-json\/wp\/v2\/posts\/602","targetHints":{"allow":["GET"]}}],"collection":[{"href":"https:\/\/osmareoblues.com.br\/index.php\/wp-json\/wp\/v2\/posts"}],"about":[{"href":"https:\/\/osmareoblues.com.br\/index.php\/wp-json\/wp\/v2\/types\/post"}],"author":[{"embeddable":true,"href":"https:\/\/osmareoblues.com.br\/index.php\/wp-json\/wp\/v2\/users\/1"}],"replies":[{"embeddable":true,"href":"https:\/\/osmareoblues.com.br\/index.php\/wp-json\/wp\/v2\/comments?post=602"}],"version-history":[{"count":1,"href":"https:\/\/osmareoblues.com.br\/index.php\/wp-json\/wp\/v2\/posts\/602\/revisions"}],"predecessor-version":[{"id":603,"href":"https:\/\/osmareoblues.com.br\/index.php\/wp-json\/wp\/v2\/posts\/602\/revisions\/603"}],"wp:featuredmedia":[{"embeddable":true,"href":"https:\/\/osmareoblues.com.br\/index.php\/wp-json\/wp\/v2\/media\/379"}],"wp:attachment":[{"href":"https:\/\/osmareoblues.com.br\/index.php\/wp-json\/wp\/v2\/media?parent=602"}],"wp:term":[{"taxonomy":"category","embeddable":true,"href":"https:\/\/osmareoblues.com.br\/index.php\/wp-json\/wp\/v2\/categories?post=602"},{"taxonomy":"post_tag","embeddable":true,"href":"https:\/\/osmareoblues.com.br\/index.php\/wp-json\/wp\/v2\/tags?post=602"},{"taxonomy":"post_folder","embeddable":true,"href":"https:\/\/osmareoblues.com.br\/index.php\/wp-json\/wp\/v2\/post_folder?post=602"}],"curies":[{"name":"wp","href":"https:\/\/api.w.org\/{rel}","templated":true}]}}